{"id":3060,"date":"2026-04-24T13:23:21","date_gmt":"2026-04-24T11:23:21","guid":{"rendered":"https:\/\/microrelleus.com\/redefining-automotive-lighting-insights-from-cupras-raval-project\/"},"modified":"2026-04-29T10:37:32","modified_gmt":"2026-04-29T08:37:32","slug":"redefinint-la-illuminacio-automotriu-cupra-raval","status":"publish","type":"post","link":"https:\/\/microrelleus.com\/ca\/redefinint-la-illuminacio-automotriu-cupra-raval\/","title":{"rendered":"Redefinint la il\u00b7luminaci\u00f3 automotriu: CUPRA Raval"},"content":{"rendered":"<div class=\"vce-row-container\" data-vce-boxed-width=\"true\"><div class=\"vce-row vce-row--col-gap-30 vce-row-equal-height vce-row-content--top\" id=\"el-a7ab1099\" data-vce-do-apply=\"all el-a7ab1099\"><div class=\"vce-row-content\" data-vce-element-content=\"true\"><div class=\"vce-col vce-col--md-auto vce-col--xs-1 vce-col--xs-last vce-col--xs-first vce-col--sm-last vce-col--sm-first vce-col--md-last vce-col--lg-last vce-col--xl-last vce-col--md-first vce-col--lg-first vce-col--xl-first\" id=\"el-2cfce78d\"><div class=\"vce-col-inner\" data-vce-do-apply=\"border margin background  el-2cfce78d\"><div class=\"vce-col-content\" data-vce-element-content=\"true\" data-vce-do-apply=\"padding el-2cfce78d\"><div class=\"vce-text-block inline\"><div class=\"vce-text-block-wrapper vce\" id=\"el-8cba670f\" data-vce-do-apply=\"all el-8cba670f\"><p><em>Temps de lectura: 5 minuts<\/em><\/p><\/div><\/div><div class=\"vce-row-container\" data-vce-boxed-width=\"true\"><div class=\"vce-row vce-row--col-gap-30 vce-row-equal-height vce-row-content--top\" id=\"el-6883621f\" data-vce-do-apply=\"all el-6883621f\"><div class=\"vce-row-content\" data-vce-element-content=\"true\"><div class=\"vce-col vce-col--md-auto vce-col--xs-1 vce-col--xs-last vce-col--xs-first vce-col--sm-last vce-col--sm-first vce-col--md-first vce-col--lg-first vce-col--xl-first\" id=\"el-4e870d5a\"><div class=\"vce-col-inner\" data-vce-do-apply=\"border margin background  el-4e870d5a\"><div class=\"vce-col-content\" data-vce-element-content=\"true\" data-vce-do-apply=\"padding el-4e870d5a\"><div class=\"vce-single-image-container vce-single-image--align-left\"><div class=\"vce vce-single-image-wrapper\" id=\"el-38a706bd\" data-vce-do-apply=\"all el-38a706bd\"><figure><div class=\"vce-single-image-figure-inner\" style=\"width: 1024px;\"><a href=\"https:\/\/microrelleus.com\/wp\/wp-content\/uploads\/2026\/04\/cupra-davant-2.jpg\" data-lightbox=\"lightbox-38a706bd\" class=\"vce-single-image-inner vce-single-image--absolute\" style=\"width: 100%; padding-bottom: 66.6016%;\"><img loading=\"lazy\" decoding=\"async\" class=\"vce-single-image\"  width=\"1024\" height=\"682\" srcset=\"https:\/\/microrelleus.com\/wp\/wp-content\/uploads\/2026\/04\/cupra-davant-2-1024x683.jpg 1024w, https:\/\/microrelleus.com\/wp\/wp-content\/uploads\/2026\/04\/cupra-davant-2-320x213.jpg 320w, https:\/\/microrelleus.com\/wp\/wp-content\/uploads\/2026\/04\/cupra-davant-2-480x320.jpg 480w, https:\/\/microrelleus.com\/wp\/wp-content\/uploads\/2026\/04\/cupra-davant-2-800x533.jpg 800w\" src=\"https:\/\/microrelleus.com\/wp\/wp-content\/uploads\/2026\/04\/cupra-davant-2-1024x683.jpg\" data-img-src=\"https:\/\/microrelleus.com\/wp\/wp-content\/uploads\/2026\/04\/cupra-davant-2.jpg\" data-attachment-id=\"3048\"  alt=\"\" title=\"cupra-davant-2\" \/><\/a><\/div><figcaption hidden=\"\"><\/figcaption><\/figure><\/div><\/div><\/div><\/div><\/div><div class=\"vce-col vce-col--md-auto vce-col--xs-1 vce-col--xs-last vce-col--xs-first vce-col--sm-last vce-col--sm-first vce-col--md-last vce-col--lg-last vce-col--xl-last\" id=\"el-353359ed\"><div class=\"vce-col-inner\" data-vce-do-apply=\"border margin background  el-353359ed\"><div class=\"vce-col-content\" data-vce-element-content=\"true\" data-vce-do-apply=\"padding el-353359ed\"><div class=\"vce-single-image-container vce-single-image--align-left\"><div class=\"vce vce-single-image-wrapper\" id=\"el-4e7af5b0\" data-vce-do-apply=\"all el-4e7af5b0\"><figure><div class=\"vce-single-image-figure-inner\" style=\"width: 1024px;\"><a href=\"https:\/\/microrelleus.com\/wp\/wp-content\/uploads\/2026\/04\/cupra-darrera-2.jpg\" data-lightbox=\"lightbox-4e7af5b0\" class=\"vce-single-image-inner vce-single-image--absolute\" style=\"width: 100%; padding-bottom: 66.6016%;\"><img loading=\"lazy\" decoding=\"async\" class=\"vce-single-image\"  width=\"1024\" height=\"682\" srcset=\"https:\/\/microrelleus.com\/wp\/wp-content\/uploads\/2026\/04\/cupra-darrera-2-1024x683.jpg 1024w, https:\/\/microrelleus.com\/wp\/wp-content\/uploads\/2026\/04\/cupra-darrera-2-320x213.jpg 320w, https:\/\/microrelleus.com\/wp\/wp-content\/uploads\/2026\/04\/cupra-darrera-2-480x320.jpg 480w, https:\/\/microrelleus.com\/wp\/wp-content\/uploads\/2026\/04\/cupra-darrera-2-800x533.jpg 800w\" src=\"https:\/\/microrelleus.com\/wp\/wp-content\/uploads\/2026\/04\/cupra-darrera-2-1024x683.jpg\" data-img-src=\"https:\/\/microrelleus.com\/wp\/wp-content\/uploads\/2026\/04\/cupra-darrera-2.jpg\" data-attachment-id=\"3045\"  alt=\"\" title=\"cupra-darrera-2\" \/><\/a><\/div><figcaption hidden=\"\"><\/figcaption><\/figure><\/div><\/div><\/div><\/div><\/div><\/div><\/div><\/div><div class=\"vce-row-container\" data-vce-boxed-width=\"true\"><div class=\"vce-row vce-row--col-gap-30 vce-row-equal-height vce-row-content--top\" id=\"el-e2b5d526\" data-vce-do-apply=\"all el-e2b5d526\"><div class=\"vce-row-content\" data-vce-element-content=\"true\"><div class=\"vce-col vce-col--md-auto vce-col--xs-1 vce-col--xs-last vce-col--xs-first vce-col--sm-last vce-col--sm-first vce-col--md-first vce-col--lg-first vce-col--xl-first\" id=\"el-39495523\"><div class=\"vce-col-inner\" data-vce-do-apply=\"border margin background  el-39495523\"><div class=\"vce-col-content\" data-vce-element-content=\"true\" data-vce-do-apply=\"padding el-39495523\"><div class=\"vce-single-image-container vce-single-image--align-left\"><div class=\"vce vce-single-image-wrapper\" id=\"el-f5111b11\" data-vce-do-apply=\"all el-f5111b11\"><figure><div class=\"vce-single-image-figure-inner\" style=\"width: 1024px;\"><a href=\"https:\/\/microrelleus.com\/wp\/wp-content\/uploads\/2026\/04\/headlamp-detail-2.jpg\" data-lightbox=\"lightbox-f5111b11\" class=\"vce-single-image-inner vce-single-image--absolute\" style=\"width: 100%; padding-bottom: 43.2617%;\"><img loading=\"lazy\" decoding=\"async\" class=\"vce-single-image\"  width=\"1024\" height=\"443\" srcset=\"https:\/\/microrelleus.com\/wp\/wp-content\/uploads\/2026\/04\/headlamp-detail-2-1024x444.jpg 1024w, https:\/\/microrelleus.com\/wp\/wp-content\/uploads\/2026\/04\/headlamp-detail-2-320x139.jpg 320w, https:\/\/microrelleus.com\/wp\/wp-content\/uploads\/2026\/04\/headlamp-detail-2-480x208.jpg 480w, https:\/\/microrelleus.com\/wp\/wp-content\/uploads\/2026\/04\/headlamp-detail-2-800x347.jpg 800w\" src=\"https:\/\/microrelleus.com\/wp\/wp-content\/uploads\/2026\/04\/headlamp-detail-2-1024x444.jpg\" data-img-src=\"https:\/\/microrelleus.com\/wp\/wp-content\/uploads\/2026\/04\/headlamp-detail-2.jpg\" data-attachment-id=\"3053\"  alt=\"\" title=\"headlamp-detail-2\" \/><\/a><\/div><figcaption hidden=\"\"><\/figcaption><\/figure><\/div><\/div><\/div><\/div><\/div><div class=\"vce-col vce-col--md-auto vce-col--xs-1 vce-col--xs-last vce-col--xs-first vce-col--sm-last vce-col--sm-first vce-col--md-last vce-col--lg-last vce-col--xl-last\" id=\"el-34299724\"><div class=\"vce-col-inner\" data-vce-do-apply=\"border margin background  el-34299724\"><div class=\"vce-col-content\" data-vce-element-content=\"true\" data-vce-do-apply=\"padding el-34299724\"><div class=\"vce-single-image-container vce-single-image--align-left\"><div class=\"vce vce-single-image-wrapper\" id=\"el-fe6c9b8a\" data-vce-do-apply=\"all el-fe6c9b8a\"><figure><div class=\"vce-single-image-figure-inner\" style=\"width: 1024px;\"><a href=\"https:\/\/microrelleus.com\/wp\/wp-content\/uploads\/2026\/04\/tail-lamp-detail-2.jpg\" data-lightbox=\"lightbox-fe6c9b8a\" class=\"vce-single-image-inner vce-single-image--absolute\" style=\"width: 100%; padding-bottom: 43.2617%;\"><img loading=\"lazy\" decoding=\"async\" class=\"vce-single-image\"  width=\"1024\" height=\"443\" srcset=\"https:\/\/microrelleus.com\/wp\/wp-content\/uploads\/2026\/04\/tail-lamp-detail-2-1024x444.jpg 1024w, https:\/\/microrelleus.com\/wp\/wp-content\/uploads\/2026\/04\/tail-lamp-detail-2-320x139.jpg 320w, https:\/\/microrelleus.com\/wp\/wp-content\/uploads\/2026\/04\/tail-lamp-detail-2-480x208.jpg 480w, https:\/\/microrelleus.com\/wp\/wp-content\/uploads\/2026\/04\/tail-lamp-detail-2-800x347.jpg 800w\" src=\"https:\/\/microrelleus.com\/wp\/wp-content\/uploads\/2026\/04\/tail-lamp-detail-2-1024x444.jpg\" data-img-src=\"https:\/\/microrelleus.com\/wp\/wp-content\/uploads\/2026\/04\/tail-lamp-detail-2.jpg\" data-attachment-id=\"3056\"  alt=\"\" title=\"tail-lamp-detail-2\" \/><\/a><\/div><figcaption hidden=\"\"><\/figcaption><\/figure><\/div><\/div><\/div><\/div><\/div><\/div><\/div><\/div><div class=\"vce-text-block\"><div class=\"vce-text-block-wrapper vce\" id=\"el-cdcc61a4\" data-vce-do-apply=\"all el-cdcc61a4\"><p>La il\u00b7luminaci\u00f3 automotriu est\u00e0 experimentant una transformaci\u00f3 \u2014 passant de components funcionals a elements emocionals i definidors d\u2019identitat.<\/p><p>Amb el llan\u00e7ament del nou CUPRA Raval, aquesta evoluci\u00f3 es fa tangible: micro\u00f2ptiques avan\u00e7ades, control prec\u00eds de la llum i una signatura visual distintiva convergeixen en una nova generaci\u00f3 de disseny.<\/p><p>A Microrelleus, hem estat estretament involucrats en aquest recorregut, contribuint al desenvolupament i la industrialitzaci\u00f3 de la il\u00b7luminaci\u00f3 davantera i trassera a trav\u00e9s de la tecnologia de l\u00e0ser de femtosegon.<\/p><p>En aquest article, parlem amb Carles Elvira (Manager Lighting, Bumpers &amp; Trim Exterior a SEAT \/ CUPRA) i Tony Gallardo (Design Leader Exterior Components and Illumination a SEAT \/ CUPRA) per entendre com la tecnologia, el disseny i la col\u00b7laboraci\u00f3 han donat forma a aquest projecte \u2014 i qu\u00e8 significa per al futur de la il\u00b7luminaci\u00f3 automotriu.<\/p><\/div><\/div><div class=\"vce-row-container\" data-vce-boxed-width=\"true\"><div class=\"vce-row vce-row--col-gap-30 vce-row-equal-height vce-row-content--top\" id=\"el-2ea1b6d3\" data-vce-do-apply=\"all el-2ea1b6d3\"><div class=\"vce-content-background-container\"><\/div><div class=\"vce-row-content\" data-vce-element-content=\"true\"><div class=\"vce-col vce-col--md-25p vce-col--xs-1 vce-col--xs-last vce-col--xs-first vce-col--sm-last vce-col--sm-first vce-col--md-first vce-col--lg-first vce-col--xl-first\" id=\"el-8cf1a32b\"><div class=\"vce-col-inner\" data-vce-do-apply=\"border margin background  el-8cf1a32b\"><div class=\"vce-col-content\" data-vce-element-content=\"true\" data-vce-do-apply=\"padding el-8cf1a32b\"><div class=\"vce-single-image-container vce-single-image--align-left\"><div class=\"vce vce-single-image-wrapper\" id=\"el-6a9ee074\" data-vce-do-apply=\"all el-6a9ee074\"><figure><div class=\"vce-single-image-figure-inner\" style=\"width: 400px;\"><div class=\"vce-single-image-inner vce-single-image--absolute\" style=\"width: 100%; padding-bottom: 100%;\"><img loading=\"lazy\" decoding=\"async\" class=\"vce-single-image\"  width=\"400\" height=\"400\" srcset=\"https:\/\/microrelleus.com\/wp\/wp-content\/uploads\/2026\/04\/Carles-Elvira-320x320.jpg 320w, https:\/\/microrelleus.com\/wp\/wp-content\/uploads\/2026\/04\/Carles-Elvira-400x400.jpg 400w\" src=\"https:\/\/microrelleus.com\/wp\/wp-content\/uploads\/2026\/04\/Carles-Elvira-400x400.jpg\" data-img-src=\"https:\/\/microrelleus.com\/wp\/wp-content\/uploads\/2026\/04\/Carles-Elvira.jpg\" data-attachment-id=\"3022\"  alt=\"\" title=\"Carles Elvira\" \/><\/div><\/div><figcaption hidden=\"\"><\/figcaption><\/figure><\/div><\/div><\/div><\/div><\/div><div class=\"vce-col vce-col--md-75p vce-col--xs-1 vce-col--xs-last vce-col--xs-first vce-col--sm-last vce-col--sm-first vce-col--md-last vce-col--lg-last vce-col--xl-last\" id=\"el-f499e5f7\"><div class=\"vce-col-inner\" data-vce-do-apply=\"border margin background  el-f499e5f7\"><div class=\"vce-col-content\" data-vce-element-content=\"true\" data-vce-do-apply=\"padding el-f499e5f7\"><div class=\"vce-text-block\"><div class=\"vce-text-block-wrapper vce\" id=\"el-22d63ba1\" data-vce-do-apply=\"all el-22d63ba1\"><h3>Enginyeria de la llum: del concepte a la realitat industrial<\/h3><p>Entrevista amb Carles Elvira, Manager Lighting, Bumpers &amp; Trim Exterior a SEAT \/ CUPRA<\/p><\/div><\/div><\/div><\/div><\/div><\/div><\/div><\/div><div class=\"vce-classic-accordion vce vce-classic-accordion-align--left vce-classic-accordion-border-color--D8D8D8\" id=\"el-14e91c70\" data-vce-do-apply=\"all el-14e91c70\" data-active-section=\"1\" data-close-on-click=\"true\"><div class=\"vce-classic-accordion-inner\"><div class=\"vce-classic-accordion-panels-container\"><div class=\"vce-classic-accordion-panels\" role=\"tablist\" aria-label=\"Classic accordion\"><div class=\"vce-classic-accordion-panel\" id=\"el-ead27332\" data-model-id=\"ead27332\" data-vce-content=\".vce-classic-accordion-panel-body\"><div class=\"vce-classic-accordion-section-inner\"><div class=\"vce-classic-accordion-panel-heading\"><a class=\"vce-classic-accordion-panel-title\" href=\"#el-ead27332\" data-vce-target=\"[data-model-id=ead27332]\" data-vce-use-cache=\"false\" data-vce-classic-accordion-element=\"\" data-vce-container=\".vce-classic-accordion-inner\" role=\"tab\" aria-selected=\"true\" aria-controls=\"el-ead27332\" id=\"section-ead27332\"><span>Entrevista amb Carles Elvira<\/span><\/a><\/div><div class=\"vce-classic-accordion-panel-body\" role=\"tabpanel\" aria-labelledby=\"section-ead27332\" data-vce-do-apply=\"all el-ead27332\"><div class=\"vce-classic-accordion-element-container\" data-js-panel-body=\"\"><div class=\"vce-text-block\"><div class=\"vce-text-block-wrapper vce\" id=\"el-f6b2c4a4\" data-vce-do-apply=\"all el-f6b2c4a4\"><p><strong>Quin va ser el principal repte a l\u2019hora de portar a producci\u00f3 un concepte d\u2019il\u00b7luminaci\u00f3 tan complex com el del CUPRA Raval?<\/strong><br>El principal repte va ser transformar una idea de disseny molt ambiciosa en una soluci\u00f3 d\u2019il\u00b7luminaci\u00f3 robusta, viable i escalable industrialment.<br>En projectes com aquest, la dificultat no \u00e9s nom\u00e9s crear un efecte visual impressionant, sin\u00f3 fer-lo compatible amb el rendiment \u00f2ptic, els requisits legals, els objectius de cost, la viabilitat de les eines i la qualitat de producci\u00f3 en s\u00e8rie.<\/p><p><strong>Quines limitacions tenien les tecnologies convencionals?<\/strong><br>Amb les tecnologies convencionals, est\u00e0vem limitats pel que fa a la precisi\u00f3, la profunditat, el detall de superf\u00edcie i la repetibilitat.<br>Alguns dels efectes que vol\u00edem aconseguir requerien estructures \u00f2ptiques extremadament fines, amb un nivell de detall que els processos tradicionals no podien oferir de manera eficient o prou consistent per a la producci\u00f3 en s\u00e8rie.<\/p><p><strong>Qu\u00e8 permet la tecnologia de l\u00e0ser de femtosegon que abans no era possible?<\/strong><br>La tecnologia de l\u00e0ser de femtosegon ens permet crear microestructures extremadament precises directament sobre la superf\u00edcie.<br>Aix\u00f2 obre la porta a nous efectes \u00f2ptics, noves textures i noves maneres de controlar la llum, amb un nivell de precisi\u00f3 que \u00e9s molt dif\u00edcil d\u2019aconseguir amb tecnologies convencionals de mecanitzat o gravat.<\/p><p><strong>Com ajuda aquesta tecnologia a aconseguir tant un alt impacte de disseny com efici\u00e8ncia en costos?<\/strong><br>Ajuda perqu\u00e8 podem obtenir un impacte visual molt fort sense necessitat d\u2019afegir m\u00e9s components, muntatges m\u00e9s complexos o processos secundaris costosos.<br>En il\u00b7luminaci\u00f3, cada pe\u00e7a addicional, cada element \u00f2ptic addicional i cada proc\u00e9s extra tenen un impacte en el cost, la qualitat i la robustesa.<br>Aquesta tecnologia ens permet integrar part de la funci\u00f3 \u00f2ptica i est\u00e8tica directament a la superf\u00edcie, cosa que \u00e9s molt potent tant des del punt de vista del disseny com industrial.<\/p><p><strong>Redueix la dist\u00e0ncia entre el prototip i la producci\u00f3 en s\u00e8rie?<\/strong><br>S\u00ed, absolutament. Un dels avantatges clau \u00e9s que la mateixa tecnologia utilitzada per desenvolupar l\u2019efecte \u00f2ptic pot estar molt m\u00e9s a prop de la soluci\u00f3 industrial final.<br>Aix\u00f2 significa menys compromisos entre la intenci\u00f3 del show-car i la realitat de producci\u00f3. Ens ajuda a preservar la intenci\u00f3 original del disseny alhora que fem la soluci\u00f3 t\u00e8cnicament i econ\u00f2micament viable.<\/p><p><strong>&nbsp;<\/strong><strong>Quina import\u00e0ncia t\u00e9 implicar els partners tecnol\u00f2gics des de les primeres etapes d\u2019un projecte?<\/strong><br>\u00c9s essencial. En projectes d\u2019il\u00b7luminaci\u00f3 avan\u00e7ada, no es poden separar el disseny, l\u2019enginyeria, l\u2019\u00f2ptica, l\u2019electr\u00f2nica, les eines i la fabricaci\u00f3.<br>Si els partners tecnol\u00f2gics s\u2019incorporen massa tard, moltes decisions ja estan tancades i el marge per innovar \u00e9s molt m\u00e9s redu\u00eft.<br>Quan partners com Microrelleus s\u2019impliquen des del principi, podem explorar noves solucions conjuntament, entendre els l\u00edmits de la tecnologia i dissenyar alguna cosa que sigui alhora innovadora i realista.<\/p><p><strong>Com ha estat la col\u00b7laboraci\u00f3 amb Microrelleus en aquest projecte?<\/strong><br>La col\u00b7laboraci\u00f3 ha estat molt propera i molt constructiva.<br>Microrelleus va aportar una gran expertesa en microgravat i tecnologia de l\u00e0ser de femtosegon, i nosaltres vam aportar els requisits de la il\u00b7luminaci\u00f3 automotriu: intenci\u00f3 de disseny, rendiment \u00f2ptic, necessitats de validaci\u00f3, sensibilitat al cost i robustesa industrial.<br>El valor de la col\u00b7laboraci\u00f3 va ser precisament combinar ambd\u00f3s mons.<\/p><p><strong>Com veus el futur de les aplicacions del l\u00e0ser de femtosegon en la il\u00b7luminaci\u00f3 automotriu?<\/strong><br>Veig un futur molt prometedor. La il\u00b7luminaci\u00f3 automotriu s\u2019est\u00e0 tornant m\u00e9s emocional, m\u00e9s digital i m\u00e9s orientada al disseny, per\u00f2 alhora ha de continuar sent assequible, robusta i complir la normativa.<br>La tecnologia de l\u00e0ser de femtosegon pot jugar un paper important en aquesta evoluci\u00f3, especialment en micro\u00f2ptica, signatures lum\u00edniques decoratives, efectes ocults, texturitzaci\u00f3 de superf\u00edcies i noves maneres de gestionar la llum.<br>Per a marques com CUPRA, on la il\u00b7luminaci\u00f3 \u00e9s una part clau de la identitat, aquest tipus de tecnologia pot ajudar a crear solucions distintives, d\u2019alt impacte i amb un potencial industrial real.<\/p><\/div><\/div><\/div><\/div><\/div><\/div><\/div><\/div><\/div><\/div><div class=\"vce-row-container\" data-vce-boxed-width=\"true\"><div class=\"vce-row vce-row--col-gap-30 vce-row-equal-height vce-row-content--top\" id=\"el-30f59e60\" data-vce-do-apply=\"all el-30f59e60\"><div class=\"vce-content-background-container\"><\/div><div class=\"vce-row-content\" data-vce-element-content=\"true\"><div class=\"vce-col vce-col--md-25p vce-col--xs-1 vce-col--xs-last vce-col--xs-first vce-col--sm-last vce-col--sm-first vce-col--md-first vce-col--lg-first vce-col--xl-first\" id=\"el-9353c94e\"><div class=\"vce-col-inner\" data-vce-do-apply=\"border margin background  el-9353c94e\"><div class=\"vce-col-content\" data-vce-element-content=\"true\" data-vce-do-apply=\"padding el-9353c94e\"><div class=\"vce-single-image-container vce-single-image--align-left\"><div class=\"vce vce-single-image-wrapper\" id=\"el-5b92b57d\" data-vce-do-apply=\"all el-5b92b57d\"><figure><div class=\"vce-single-image-figure-inner\" style=\"width: 400px;\"><div class=\"vce-single-image-inner vce-single-image--absolute\" style=\"width: 100%; padding-bottom: 100%;\"><img loading=\"lazy\" decoding=\"async\" class=\"vce-single-image\"  width=\"400\" height=\"400\" srcset=\"https:\/\/microrelleus.com\/wp\/wp-content\/uploads\/2026\/04\/Tony-Gallardo-320x320.jpg 320w, https:\/\/microrelleus.com\/wp\/wp-content\/uploads\/2026\/04\/Tony-Gallardo-400x400.jpg 400w\" src=\"https:\/\/microrelleus.com\/wp\/wp-content\/uploads\/2026\/04\/Tony-Gallardo-400x400.jpg\" data-img-src=\"https:\/\/microrelleus.com\/wp\/wp-content\/uploads\/2026\/04\/Tony-Gallardo.jpg\" data-attachment-id=\"3037\"  alt=\"\" title=\"Tony Gallardo\" \/><\/div><\/div><figcaption hidden=\"\"><\/figcaption><\/figure><\/div><\/div><\/div><\/div><\/div><div class=\"vce-col vce-col--md-75p vce-col--xs-1 vce-col--xs-last vce-col--xs-first vce-col--sm-last vce-col--sm-first vce-col--md-last vce-col--lg-last vce-col--xl-last\" id=\"el-588ab059\"><div class=\"vce-col-inner\" data-vce-do-apply=\"border margin background  el-588ab059\"><div class=\"vce-col-content\" data-vce-element-content=\"true\" data-vce-do-apply=\"padding el-588ab059\"><div class=\"vce-text-block\"><div class=\"vce-text-block-wrapper vce\" id=\"el-ecf1aa1e\" data-vce-do-apply=\"all el-ecf1aa1e\"><h3>Dissenyant la llum com a identitat<\/h3><p>Entrevista amb Tony Gallardo, Design Leader Exterior Components and Illumination a SEAT \/ CUPRA<\/p><\/div><\/div><\/div><\/div><\/div><\/div><\/div><\/div><div class=\"vce-classic-accordion vce vce-classic-accordion-align--left vce-classic-accordion-border-color--D8D8D8\" id=\"el-dfea742f\" data-vce-do-apply=\"all el-dfea742f\" data-active-section=\"1\" data-close-on-click=\"true\"><div class=\"vce-classic-accordion-inner\"><div class=\"vce-classic-accordion-panels-container\"><div class=\"vce-classic-accordion-panels\" role=\"tablist\" aria-label=\"Classic accordion\"><div class=\"vce-classic-accordion-panel\" id=\"el-c4f3e71e\" data-model-id=\"c4f3e71e\" data-vce-content=\".vce-classic-accordion-panel-body\"><div class=\"vce-classic-accordion-section-inner\"><div class=\"vce-classic-accordion-panel-heading\"><a class=\"vce-classic-accordion-panel-title\" href=\"#el-c4f3e71e\" data-vce-target=\"[data-model-id=c4f3e71e]\" data-vce-use-cache=\"false\" data-vce-classic-accordion-element=\"\" data-vce-container=\".vce-classic-accordion-inner\" role=\"tab\" aria-selected=\"true\" aria-controls=\"el-c4f3e71e\" id=\"section-c4f3e71e\"><span>Entrevista amb Tony Gallardo<\/span><\/a><\/div><div class=\"vce-classic-accordion-panel-body\" role=\"tabpanel\" aria-labelledby=\"section-c4f3e71e\" data-vce-do-apply=\"all el-c4f3e71e\"><div class=\"vce-classic-accordion-element-container\" data-js-panel-body=\"\"><div class=\"vce-text-block\"><div class=\"vce-text-block-wrapper vce\" id=\"el-e748dff7\" data-vce-do-apply=\"all el-e748dff7\"><p><strong> La il\u00b7luminaci\u00f3 \u00e9s clau en l\u2019ADN de CUPRA. Qu\u00e8 vol\u00edeu expressar amb el disseny del Raval?<\/strong><br>A CUPRA utilitzem la llum com un element emocional que defineix la nostra actitud com a marca. Amb el disseny del Raval vol\u00edem expressar aquesta identitat progressiva i diferenciadora. La llum no nom\u00e9s il\u00b7lumina: crea ambient, genera profunditat i transmet car\u00e0cter. La nostra nova generaci\u00f3 de productes es basa en els tres triangles, una deconstrucci\u00f3 del nostre logotip que s\u2019ha convertit en la nostra signatura lum\u00ednica. Volem que la il\u00b7luminaci\u00f3 comuniqui qui som fins i tot quan est\u00e0 apagada, donant pres\u00e8ncia, personalitat i reconeixement immediat.<\/p><p><strong> Quines noves possibilitats creatives us ha obert la microtexturitzaci\u00f3 avan\u00e7ada?<\/strong><br>La microtexturitzaci\u00f3 avan\u00e7ada ens permet controlar la interacci\u00f3 entre la llum i la superf\u00edcie amb una precisi\u00f3 totalment nova. Podem explorar transpar\u00e8ncies, degradats, microrelleus i densitats que abans no eren possibles, aconseguint superf\u00edcies molt homog\u00e8nies i amb una est\u00e8tica tecnol\u00f2gica. Aquestes textures contribueixen a fer que la llum es percebi m\u00e9s rica, tridimensional i sofisticada.<\/p><p><strong> Qu\u00e8 us va permetre fer el l\u00e0ser de femtosegon que abans no era possible?<\/strong><br>El l\u00e0ser de femtosegon ens ofereix un nivell extrem de definici\u00f3 i netedat en el gravat. Gr\u00e0cies a ell podem crear microestructures precises, repetibles i duradores, mantenint la qualitat dels motlles i assegurant una homogene\u00eftat perfecta en superf\u00edcies 3D complexes. Aquesta tecnologia habilita un control visual que abans simplement no era viable amb processos convencionals.<\/p><p><strong> Com descriuries l\u2019efecte visual que s\u2019aconsegueix amb aquestes microestructures?<\/strong><br>L\u2019efecte visual \u00e9s net, homogeni i molt tecnol\u00f2gic. La superf\u00edcie sembla \u201cviva\u201d, ja que la transici\u00f3 entre la transpar\u00e8ncia i la zona il\u00b7luminada es percep natural i fluida. Aquest tipus de microestructura aporta una sensaci\u00f3 immediata de qualitat i valor tecnol\u00f2gic, alineada amb la identitat CUPRA.<\/p><p><strong> Creus que aquesta tecnologia permet portar un disseny \u201cpremium\u201d a segments m\u00e9s accessibles?<\/strong><br>S\u00ed, sens dubte. Tradicionalment, m\u00e9s disseny implicava m\u00e9s cost. No obstant aix\u00f2, la microtexturitzaci\u00f3 i el control sobre superf\u00edcies il\u00b7luminades ens permeten crear efectes molt propers als OLED \u2014superf\u00edcies, no punts\u2014 per\u00f2 amb un cost molt m\u00e9s baix. Aix\u00f2 democratitza el disseny \u201cpremium\u201d i ens permet aplicar-lo en una gamma m\u00e9s \u00e0mplia de models.<\/p><p><strong> Fins a quin punt l\u2019usuari percep aquests detalls encara que no s\u00e0piga com estan fets?<\/strong><br>Ho percep immediatament. Encara que l\u2019usuari no conegui la t\u00e8cnica, s\u00ed que percep que la llum \u00e9s diferent: m\u00e9s sofisticada, m\u00e9s homog\u00e8nia i m\u00e9s cuidada. La il\u00b7luminaci\u00f3 \u00e9s un element que connecta emocionalment i aquests detalls generen una sensaci\u00f3 directa de qualitat.<\/p><p><strong> Quina import\u00e0ncia t\u00e9 treballar amb partners tecnol\u00f2gics des de les fases inicials? Com ha estat la col\u00b7laboraci\u00f3 amb Microrelleus?<\/strong><br>\u00c9s absolutament clau. Aquest tipus de projectes nom\u00e9s \u00e9s possible si disseny i enginyeria avancen de la m\u00e0 des de les fases inicials. Amb Microrelleus vam treballar colze a colze, experimentant amb diferents tipus de gravat, nivells de transpar\u00e8ncia i homogene\u00eftats en superf\u00edcies 3D. La col\u00b7laboraci\u00f3 va ser estreta i fonamental per assolir el nivell de precisi\u00f3 que busc\u00e0vem.<\/p><p><strong>8. Com veus l\u2019evoluci\u00f3 del disseny d\u2019il\u00b7luminaci\u00f3 en els pr\u00f2xims anys?<\/strong><br>L\u2019evoluci\u00f3 \u00e9s clara: hem passat de punts, a l\u00ednies i ara a superf\u00edcies. Per\u00f2 m\u00e9s enll\u00e0 de la forma, la il\u00b7luminaci\u00f3 s\u2019orienta cada vegada m\u00e9s cap a l\u2019experi\u00e8ncia de l\u2019usuari, convertint-se en un element capa\u00e7 de comunicar, acompanyar i generar emocions. Veurem un creixement en l\u2019\u00fas de microtextures, superf\u00edcies actives i animacions dissenyades espec\u00edficament per fer la interacci\u00f3 m\u00e9s humana.<br>La il\u00b7luminaci\u00f3 no ser\u00e0 nom\u00e9s un element funcional ni purament est\u00e8tic: ser\u00e0 un llenguatge sensorial que permetr\u00e0 al vehicle expressar-se. Servir\u00e0 per donar la benvinguda, transmetre estats, refor\u00e7ar la personalitat del cotxe i crear una connexi\u00f3 emocional amb el conductor i els ocupants. Les signatures seran m\u00e9s reconeixibles, les animacions m\u00e9s fluides i la narrativa lum\u00ednica m\u00e9s rica tant al frontal com a la part posterior, fent que cada interacci\u00f3 aporti valor i personalitat a l\u2019experi\u00e8ncia global de l\u2019usuari.<\/p><\/div><\/div><\/div><\/div><\/div><\/div><\/div><\/div><\/div><\/div><div class=\"vce-text-block\"><div class=\"vce-text-block-wrapper vce\" id=\"el-6806b210\" data-vce-do-apply=\"all el-6806b210\"><p>El projecte CUPRA Raval reflecteix un canvi m\u00e9s ampli en la il\u00b7luminaci\u00f3 automotriu \u2014 on el disseny, l\u2019enginyeria i les tecnologies a microescala convergeixen per crear identitats visuals distintives.<\/p><p>A Microrelleus, continuem explorant com la microtexturitzaci\u00f3 avan\u00e7ada i les tecnologies de l\u00e0ser de femtosegon poden fer possible aquesta nova generaci\u00f3 d\u2019il\u00b7luminaci\u00f3.<\/p><\/div><\/div><\/div><\/div><\/div><\/div><\/div><\/div>\n","protected":false},"excerpt":{"rendered":"<p>La il\u00b7luminaci\u00f3 automotriu est\u00e0 experimentant una transformaci\u00f3 \u2014 passant de components funcionals a elements emocionals i definidors d\u2019identitat. Amb el llan\u00e7ament del nou CUPRA Raval, aquesta evoluci\u00f3 es fa tangible: micro\u00f2ptiques avan\u00e7ades, control prec\u00eds de la llum i una signatura visual distintiva convergeixen en una nova generaci\u00f3 de disseny.<\/p>\n","protected":false},"author":1,"featured_media":3046,"comment_status":"closed","ping_status":"open","sticky":false,"template":"","format":"standard","meta":{"_acf_changed":false,"footnotes":""},"categories":[34],"tags":[],"class_list":["post-3060","post","type-post","status-publish","format-standard","has-post-thumbnail","hentry","category-illuminacio"],"acf":[],"yoast_head":"<!-- This site is optimized with the Yoast SEO plugin v27.4 - https:\/\/yoast.com\/product\/yoast-seo-wordpress\/ -->\n<title>Redefinint la il\u00b7luminaci\u00f3 automotriu: CUPRA Raval | Microrelleus<\/title>\n<meta name=\"robots\" content=\"index, follow, max-snippet:-1, max-image-preview:large, max-video-preview:-1\" \/>\n<link rel=\"canonical\" href=\"https:\/\/microrelleus.com\/ca\/redefinint-la-illuminacio-automotriu-cupra-raval\/\" \/>\n<meta property=\"og:locale\" content=\"ca_ES\" \/>\n<meta property=\"og:type\" content=\"article\" \/>\n<meta property=\"og:title\" content=\"Redefinint la il\u00b7luminaci\u00f3 automotriu: CUPRA Raval | Microrelleus\" \/>\n<meta property=\"og:description\" content=\"La il\u00b7luminaci\u00f3 automotriu est\u00e0 experimentant una transformaci\u00f3 \u2014 passant de components funcionals a elements emocionals i definidors d\u2019identitat. Amb el llan\u00e7ament del nou CUPRA Raval, aquesta evoluci\u00f3 es fa tangible: micro\u00f2ptiques avan\u00e7ades, control prec\u00eds de la llum i una signatura visual distintiva convergeixen en una nova generaci\u00f3 de disseny.\" \/>\n<meta property=\"og:url\" content=\"https:\/\/microrelleus.com\/ca\/redefinint-la-illuminacio-automotriu-cupra-raval\/\" \/>\n<meta property=\"og:site_name\" content=\"Microrelleus\" \/>\n<meta property=\"article:published_time\" content=\"2026-04-24T11:23:21+00:00\" \/>\n<meta property=\"article:modified_time\" content=\"2026-04-29T08:37:32+00:00\" \/>\n<meta property=\"og:image\" content=\"https:\/\/microrelleus.com\/wp\/wp-content\/uploads\/2026\/04\/cupra-darrera-2.jpg\" \/>\n\t<meta property=\"og:image:width\" content=\"1200\" \/>\n\t<meta property=\"og:image:height\" content=\"800\" \/>\n\t<meta property=\"og:image:type\" content=\"image\/jpeg\" \/>\n<meta name=\"author\" content=\"zoomedia\" \/>\n<meta name=\"twitter:card\" content=\"summary_large_image\" \/>\n<meta name=\"twitter:label1\" content=\"Written by\" \/>\n\t<meta name=\"twitter:data1\" content=\"zoomedia\" \/>\n\t<meta name=\"twitter:label2\" content=\"Est. reading time\" \/>\n\t<meta name=\"twitter:data2\" content=\"9 minutes\" \/>\n<script type=\"application\/ld+json\" class=\"yoast-schema-graph\">{\"@context\":\"https:\\\/\\\/schema.org\",\"@graph\":[{\"@type\":\"Article\",\"@id\":\"https:\\\/\\\/microrelleus.com\\\/ca\\\/redefinint-la-illuminacio-automotriu-cupra-raval\\\/#article\",\"isPartOf\":{\"@id\":\"https:\\\/\\\/microrelleus.com\\\/ca\\\/redefinint-la-illuminacio-automotriu-cupra-raval\\\/\"},\"author\":{\"name\":\"zoomedia\",\"@id\":\"https:\\\/\\\/microrelleus.com\\\/ca\\\/#\\\/schema\\\/person\\\/d82d4805e9cb35729a9605e3db9b4b2b\"},\"headline\":\"Redefinint la il\u00b7luminaci\u00f3 automotriu: CUPRA Raval\",\"datePublished\":\"2026-04-24T11:23:21+00:00\",\"dateModified\":\"2026-04-29T08:37:32+00:00\",\"mainEntityOfPage\":{\"@id\":\"https:\\\/\\\/microrelleus.com\\\/ca\\\/redefinint-la-illuminacio-automotriu-cupra-raval\\\/\"},\"wordCount\":1690,\"publisher\":{\"@id\":\"https:\\\/\\\/microrelleus.com\\\/ca\\\/#organization\"},\"image\":{\"@id\":\"https:\\\/\\\/microrelleus.com\\\/ca\\\/redefinint-la-illuminacio-automotriu-cupra-raval\\\/#primaryimage\"},\"thumbnailUrl\":\"https:\\\/\\\/microrelleus.com\\\/wp\\\/wp-content\\\/uploads\\\/2026\\\/04\\\/cupra-darrera-2.jpg\",\"articleSection\":[\"Il\u00b7luminaci\u00f3\"],\"inLanguage\":\"ca\"},{\"@type\":\"WebPage\",\"@id\":\"https:\\\/\\\/microrelleus.com\\\/ca\\\/redefinint-la-illuminacio-automotriu-cupra-raval\\\/\",\"url\":\"https:\\\/\\\/microrelleus.com\\\/ca\\\/redefinint-la-illuminacio-automotriu-cupra-raval\\\/\",\"name\":\"Redefinint la il\u00b7luminaci\u00f3 automotriu: CUPRA Raval | Microrelleus\",\"isPartOf\":{\"@id\":\"https:\\\/\\\/microrelleus.com\\\/ca\\\/#website\"},\"primaryImageOfPage\":{\"@id\":\"https:\\\/\\\/microrelleus.com\\\/ca\\\/redefinint-la-illuminacio-automotriu-cupra-raval\\\/#primaryimage\"},\"image\":{\"@id\":\"https:\\\/\\\/microrelleus.com\\\/ca\\\/redefinint-la-illuminacio-automotriu-cupra-raval\\\/#primaryimage\"},\"thumbnailUrl\":\"https:\\\/\\\/microrelleus.com\\\/wp\\\/wp-content\\\/uploads\\\/2026\\\/04\\\/cupra-darrera-2.jpg\",\"datePublished\":\"2026-04-24T11:23:21+00:00\",\"dateModified\":\"2026-04-29T08:37:32+00:00\",\"breadcrumb\":{\"@id\":\"https:\\\/\\\/microrelleus.com\\\/ca\\\/redefinint-la-illuminacio-automotriu-cupra-raval\\\/#breadcrumb\"},\"inLanguage\":\"ca\",\"potentialAction\":[{\"@type\":\"ReadAction\",\"target\":[\"https:\\\/\\\/microrelleus.com\\\/ca\\\/redefinint-la-illuminacio-automotriu-cupra-raval\\\/\"]}]},{\"@type\":\"ImageObject\",\"inLanguage\":\"ca\",\"@id\":\"https:\\\/\\\/microrelleus.com\\\/ca\\\/redefinint-la-illuminacio-automotriu-cupra-raval\\\/#primaryimage\",\"url\":\"https:\\\/\\\/microrelleus.com\\\/wp\\\/wp-content\\\/uploads\\\/2026\\\/04\\\/cupra-darrera-2.jpg\",\"contentUrl\":\"https:\\\/\\\/microrelleus.com\\\/wp\\\/wp-content\\\/uploads\\\/2026\\\/04\\\/cupra-darrera-2.jpg\",\"width\":1200,\"height\":800},{\"@type\":\"BreadcrumbList\",\"@id\":\"https:\\\/\\\/microrelleus.com\\\/ca\\\/redefinint-la-illuminacio-automotriu-cupra-raval\\\/#breadcrumb\",\"itemListElement\":[{\"@type\":\"ListItem\",\"position\":1,\"name\":\"Home\",\"item\":\"https:\\\/\\\/microrelleus.com\\\/ca\\\/\"},{\"@type\":\"ListItem\",\"position\":2,\"name\":\"Redefinint la il\u00b7luminaci\u00f3 automotriu: CUPRA Raval\"}]},{\"@type\":\"WebSite\",\"@id\":\"https:\\\/\\\/microrelleus.com\\\/ca\\\/#website\",\"url\":\"https:\\\/\\\/microrelleus.com\\\/ca\\\/\",\"name\":\"Microrelleus\",\"description\":\"Industrial engraving and laser texturing\",\"publisher\":{\"@id\":\"https:\\\/\\\/microrelleus.com\\\/ca\\\/#organization\"},\"potentialAction\":[{\"@type\":\"SearchAction\",\"target\":{\"@type\":\"EntryPoint\",\"urlTemplate\":\"https:\\\/\\\/microrelleus.com\\\/ca\\\/?s={search_term_string}\"},\"query-input\":{\"@type\":\"PropertyValueSpecification\",\"valueRequired\":true,\"valueName\":\"search_term_string\"}}],\"inLanguage\":\"ca\"},{\"@type\":\"Organization\",\"@id\":\"https:\\\/\\\/microrelleus.com\\\/ca\\\/#organization\",\"name\":\"Microrelleus\",\"url\":\"https:\\\/\\\/microrelleus.com\\\/ca\\\/\",\"logo\":{\"@type\":\"ImageObject\",\"inLanguage\":\"ca\",\"@id\":\"https:\\\/\\\/microrelleus.com\\\/ca\\\/#\\\/schema\\\/logo\\\/image\\\/\",\"url\":\"https:\\\/\\\/microrelleus.com\\\/wp\\\/wp-content\\\/uploads\\\/2023\\\/03\\\/logo-microrelleus.png\",\"contentUrl\":\"https:\\\/\\\/microrelleus.com\\\/wp\\\/wp-content\\\/uploads\\\/2023\\\/03\\\/logo-microrelleus.png\",\"width\":768,\"height\":112,\"caption\":\"Microrelleus\"},\"image\":{\"@id\":\"https:\\\/\\\/microrelleus.com\\\/ca\\\/#\\\/schema\\\/logo\\\/image\\\/\"},\"sameAs\":[\"https:\\\/\\\/www.youtube.com\\\/channel\\\/UC7gqjntoVh6fdql5NE23p0A\",\"https:\\\/\\\/www.instagram.com\\\/microrelleus\\\/\"]},{\"@type\":\"Person\",\"@id\":\"https:\\\/\\\/microrelleus.com\\\/ca\\\/#\\\/schema\\\/person\\\/d82d4805e9cb35729a9605e3db9b4b2b\",\"name\":\"zoomedia\",\"sameAs\":[\"https:\\\/\\\/microrelleus.com\\\/wp\"],\"url\":\"https:\\\/\\\/microrelleus.com\\\/ca\\\/author\\\/zoomedia\\\/\"}]}<\/script>\n<!-- \/ Yoast SEO plugin. -->","yoast_head_json":{"title":"Redefinint la il\u00b7luminaci\u00f3 automotriu: CUPRA Raval | Microrelleus","robots":{"index":"index","follow":"follow","max-snippet":"max-snippet:-1","max-image-preview":"max-image-preview:large","max-video-preview":"max-video-preview:-1"},"canonical":"https:\/\/microrelleus.com\/ca\/redefinint-la-illuminacio-automotriu-cupra-raval\/","og_locale":"ca_ES","og_type":"article","og_title":"Redefinint la il\u00b7luminaci\u00f3 automotriu: CUPRA Raval | Microrelleus","og_description":"La il\u00b7luminaci\u00f3 automotriu est\u00e0 experimentant una transformaci\u00f3 \u2014 passant de components funcionals a elements emocionals i definidors d\u2019identitat. Amb el llan\u00e7ament del nou CUPRA Raval, aquesta evoluci\u00f3 es fa tangible: micro\u00f2ptiques avan\u00e7ades, control prec\u00eds de la llum i una signatura visual distintiva convergeixen en una nova generaci\u00f3 de disseny.","og_url":"https:\/\/microrelleus.com\/ca\/redefinint-la-illuminacio-automotriu-cupra-raval\/","og_site_name":"Microrelleus","article_published_time":"2026-04-24T11:23:21+00:00","article_modified_time":"2026-04-29T08:37:32+00:00","og_image":[{"width":1200,"height":800,"url":"https:\/\/microrelleus.com\/wp\/wp-content\/uploads\/2026\/04\/cupra-darrera-2.jpg","type":"image\/jpeg"}],"author":"zoomedia","twitter_card":"summary_large_image","twitter_misc":{"Written by":"zoomedia","Est. reading time":"9 minutes"},"schema":{"@context":"https:\/\/schema.org","@graph":[{"@type":"Article","@id":"https:\/\/microrelleus.com\/ca\/redefinint-la-illuminacio-automotriu-cupra-raval\/#article","isPartOf":{"@id":"https:\/\/microrelleus.com\/ca\/redefinint-la-illuminacio-automotriu-cupra-raval\/"},"author":{"name":"zoomedia","@id":"https:\/\/microrelleus.com\/ca\/#\/schema\/person\/d82d4805e9cb35729a9605e3db9b4b2b"},"headline":"Redefinint la il\u00b7luminaci\u00f3 automotriu: CUPRA Raval","datePublished":"2026-04-24T11:23:21+00:00","dateModified":"2026-04-29T08:37:32+00:00","mainEntityOfPage":{"@id":"https:\/\/microrelleus.com\/ca\/redefinint-la-illuminacio-automotriu-cupra-raval\/"},"wordCount":1690,"publisher":{"@id":"https:\/\/microrelleus.com\/ca\/#organization"},"image":{"@id":"https:\/\/microrelleus.com\/ca\/redefinint-la-illuminacio-automotriu-cupra-raval\/#primaryimage"},"thumbnailUrl":"https:\/\/microrelleus.com\/wp\/wp-content\/uploads\/2026\/04\/cupra-darrera-2.jpg","articleSection":["Il\u00b7luminaci\u00f3"],"inLanguage":"ca"},{"@type":"WebPage","@id":"https:\/\/microrelleus.com\/ca\/redefinint-la-illuminacio-automotriu-cupra-raval\/","url":"https:\/\/microrelleus.com\/ca\/redefinint-la-illuminacio-automotriu-cupra-raval\/","name":"Redefinint la il\u00b7luminaci\u00f3 automotriu: CUPRA Raval | Microrelleus","isPartOf":{"@id":"https:\/\/microrelleus.com\/ca\/#website"},"primaryImageOfPage":{"@id":"https:\/\/microrelleus.com\/ca\/redefinint-la-illuminacio-automotriu-cupra-raval\/#primaryimage"},"image":{"@id":"https:\/\/microrelleus.com\/ca\/redefinint-la-illuminacio-automotriu-cupra-raval\/#primaryimage"},"thumbnailUrl":"https:\/\/microrelleus.com\/wp\/wp-content\/uploads\/2026\/04\/cupra-darrera-2.jpg","datePublished":"2026-04-24T11:23:21+00:00","dateModified":"2026-04-29T08:37:32+00:00","breadcrumb":{"@id":"https:\/\/microrelleus.com\/ca\/redefinint-la-illuminacio-automotriu-cupra-raval\/#breadcrumb"},"inLanguage":"ca","potentialAction":[{"@type":"ReadAction","target":["https:\/\/microrelleus.com\/ca\/redefinint-la-illuminacio-automotriu-cupra-raval\/"]}]},{"@type":"ImageObject","inLanguage":"ca","@id":"https:\/\/microrelleus.com\/ca\/redefinint-la-illuminacio-automotriu-cupra-raval\/#primaryimage","url":"https:\/\/microrelleus.com\/wp\/wp-content\/uploads\/2026\/04\/cupra-darrera-2.jpg","contentUrl":"https:\/\/microrelleus.com\/wp\/wp-content\/uploads\/2026\/04\/cupra-darrera-2.jpg","width":1200,"height":800},{"@type":"BreadcrumbList","@id":"https:\/\/microrelleus.com\/ca\/redefinint-la-illuminacio-automotriu-cupra-raval\/#breadcrumb","itemListElement":[{"@type":"ListItem","position":1,"name":"Home","item":"https:\/\/microrelleus.com\/ca\/"},{"@type":"ListItem","position":2,"name":"Redefinint la il\u00b7luminaci\u00f3 automotriu: CUPRA Raval"}]},{"@type":"WebSite","@id":"https:\/\/microrelleus.com\/ca\/#website","url":"https:\/\/microrelleus.com\/ca\/","name":"Microrelleus","description":"Industrial engraving and laser texturing","publisher":{"@id":"https:\/\/microrelleus.com\/ca\/#organization"},"potentialAction":[{"@type":"SearchAction","target":{"@type":"EntryPoint","urlTemplate":"https:\/\/microrelleus.com\/ca\/?s={search_term_string}"},"query-input":{"@type":"PropertyValueSpecification","valueRequired":true,"valueName":"search_term_string"}}],"inLanguage":"ca"},{"@type":"Organization","@id":"https:\/\/microrelleus.com\/ca\/#organization","name":"Microrelleus","url":"https:\/\/microrelleus.com\/ca\/","logo":{"@type":"ImageObject","inLanguage":"ca","@id":"https:\/\/microrelleus.com\/ca\/#\/schema\/logo\/image\/","url":"https:\/\/microrelleus.com\/wp\/wp-content\/uploads\/2023\/03\/logo-microrelleus.png","contentUrl":"https:\/\/microrelleus.com\/wp\/wp-content\/uploads\/2023\/03\/logo-microrelleus.png","width":768,"height":112,"caption":"Microrelleus"},"image":{"@id":"https:\/\/microrelleus.com\/ca\/#\/schema\/logo\/image\/"},"sameAs":["https:\/\/www.youtube.com\/channel\/UC7gqjntoVh6fdql5NE23p0A","https:\/\/www.instagram.com\/microrelleus\/"]},{"@type":"Person","@id":"https:\/\/microrelleus.com\/ca\/#\/schema\/person\/d82d4805e9cb35729a9605e3db9b4b2b","name":"zoomedia","sameAs":["https:\/\/microrelleus.com\/wp"],"url":"https:\/\/microrelleus.com\/ca\/author\/zoomedia\/"}]}},"_links":{"self":[{"href":"https:\/\/microrelleus.com\/ca\/wp-json\/wp\/v2\/posts\/3060","targetHints":{"allow":["GET"]}}],"collection":[{"href":"https:\/\/microrelleus.com\/ca\/wp-json\/wp\/v2\/posts"}],"about":[{"href":"https:\/\/microrelleus.com\/ca\/wp-json\/wp\/v2\/types\/post"}],"author":[{"embeddable":true,"href":"https:\/\/microrelleus.com\/ca\/wp-json\/wp\/v2\/users\/1"}],"replies":[{"embeddable":true,"href":"https:\/\/microrelleus.com\/ca\/wp-json\/wp\/v2\/comments?post=3060"}],"version-history":[{"count":5,"href":"https:\/\/microrelleus.com\/ca\/wp-json\/wp\/v2\/posts\/3060\/revisions"}],"predecessor-version":[{"id":3096,"href":"https:\/\/microrelleus.com\/ca\/wp-json\/wp\/v2\/posts\/3060\/revisions\/3096"}],"wp:featuredmedia":[{"embeddable":true,"href":"https:\/\/microrelleus.com\/ca\/wp-json\/wp\/v2\/media\/3046"}],"wp:attachment":[{"href":"https:\/\/microrelleus.com\/ca\/wp-json\/wp\/v2\/media?parent=3060"}],"wp:term":[{"taxonomy":"category","embeddable":true,"href":"https:\/\/microrelleus.com\/ca\/wp-json\/wp\/v2\/categories?post=3060"},{"taxonomy":"post_tag","embeddable":true,"href":"https:\/\/microrelleus.com\/ca\/wp-json\/wp\/v2\/tags?post=3060"}],"curies":[{"name":"wp","href":"https:\/\/api.w.org\/{rel}","templated":true}]}}